{"id":4904,"date":"2018-04-07T16:35:56","date_gmt":"2018-04-07T15:35:56","guid":{"rendered":"https:\/\/www.riva.it\/uncategorized\/green-island-2018\/"},"modified":"2018-04-07T16:35:56","modified_gmt":"2018-04-07T15:35:56","slug":"green-island-2018","status":"publish","type":"post","link":"https:\/\/www.riva.it\/en\/news-events\/green-island-2018\/","title":{"rendered":"Green Island 2018"},"content":{"rendered":"<p class=\"wp-block-paragraph\">RivaViva \u00e8 anche partner di&nbsp;<strong>Green Island 2018 di Claudia Zanfi<\/strong>, il primo progetto che ha portato il design per le vie del Quartiere Isola e che sviluppa da sempre azioni di divulgazione e promozione culturale nell\u2019ambito della tutela ambientale, dell\u2019eco-design e dell\u2019educazione creativa al tema del verde e della sostenibilit\u00e0.<\/p>\n\n\n\n<p class=\"wp-block-paragraph\">Un percorso di eco-design, quello proposto quest\u2019anno dalla diciottesima edizione di&nbsp;<strong>Green Island<\/strong>, durante&nbsp;<strong><em>Milano Design Week<\/em><\/strong>&nbsp;(17\/22 Aprile 2018). Un progetto che promette di accendere di profumi e colori l\u2019area urbana compresa tra la&nbsp;<strong>Stazione Garibaldi e il<\/strong>&nbsp;<strong>Quartiere Isola<\/strong>. Varie tappe si diramano nelle vie del quartiere, trasformate in&nbsp;<strong>un circuito di \u2018vetrine fiorite\u2019<\/strong>&nbsp;segnalato da \u201cindicazioni vegetali\u201d disegnate sul marciapiede. Tappa principale e cuore dell\u2019evento sar\u00e0&nbsp;<strong>lo Showroom di eco-arredamento<\/strong>&nbsp;<strong>RIVA VIVA<\/strong>&nbsp;di Via Porro Lambertenghi.<\/p>\n\n\n\n<p class=\"wp-block-paragraph\">Qui verr\u00e0 realizzata un\u2019installazione inedita, un vero e proprio paesaggio naturale diviso in tre differenti ambienti: la&nbsp;<strong><u>stanza dei fiori<\/u><\/strong>&nbsp;(percorso botanico), la&nbsp;<strong><u>stanza dei legni<\/u><\/strong>&nbsp;( percorso sensoriale) e la&nbsp;<strong><u>stanza della natura<\/u><\/strong>&nbsp;(percorso visivo).<\/p>\n\n\n\n<p class=\"wp-block-paragraph\">La prima sala, dedicata alla&nbsp;<strong>FLORA<\/strong>, protagonista indiscussa di questa nuova edizione, mostra le bellissime opere fotografiche di&nbsp;<strong>Cinzia Castagna,&nbsp;<\/strong>artista piacentina appassionata di giardini e paesaggio<strong>,&nbsp;<\/strong>che crea veri e propri&nbsp;<strong>\u201critratti di fiori\u201d<\/strong>&nbsp;capaci di catturare il momento magico della fioritura attraverso immagini di densit\u00e0 materica tridimensionale e viva, grazie a un sapiente gioco di luci e ombre. I fiori sono il dono pi\u00f9 bello della natura, l\u2019apice della vita produttiva di una pianta che a volte \u2013 come nel caso del cactus- dopo il primo germoglio, muore. Sono sculture naturali con una loro architettura interna ed esterna (basti pensare a pistillo e petali) talmente sorprendente da non sembrare vera. Sono \u201cfigure e silhouette\u201d astratte private della dimensione spazio-temporale che si svelano ai nostri occhi nelle loro forme geometriche, seguendo tessiture e trame vegetali. Opere indiscutibilmente oggettive, ma insieme poetiche. Qualsiasi elemento vegetale (dallo stelo dei campi, alla flora spontanea lungo i torrenti, fino al fiore pi\u00f9 complicato) nasce come oggetto di design.<\/p>\n\n\n\n<p class=\"wp-block-paragraph\">Anche la successiva&nbsp;<strong>stanza dei legni<\/strong>&nbsp;\u00e8 uno spazio tutto da scoprire perch\u00e9 i tipi di legname sono tantissimi e cos\u00ec i loro colori e profumi. Accarezzandone le superfici e gli anelli capiremo molto della storia di un albero e potremo osservare pezzi di arbusti provenienti da paesi lontani, levigati o rugosi, lisci o nodosi. Un esperto artista\/falegname ci racconter\u00e0 la storia di questa \u201cmateria viva\u201d e ce la presenter\u00e0 pezzo per pezzo, evidenziandone le caratteristiche.<\/p>\n\n\n\n<p class=\"wp-block-paragraph\">In ultimo la&nbsp;<strong>sala della natura<\/strong>, costruita per coinvolgere visivamente ed emotivamente chi entra, trasportandolo in una dimensione altra. Fatta di foglie che sussurrano, alberi che respirano e cascate che scrosciano con fragore. Le immagini e i suoni faranno viaggiare il visitatore dentro boschi e praterie, grotte gocciolanti o prati fioriti. In un attimo il rumore e la monocromia grigia della citt\u00e0 resteranno alle nostre spalle e ci ritroveremo immersi in un carnevale di colore.<\/p>","protected":false},"excerpt":{"rendered":"<p>RivaViva \u00e8 anche partner di&nbsp;Green Island 2018 di Claudia Zanfi, il primo progetto che ha portato il design per le vie del Quartiere Isola e che sviluppa da sempre azioni di divulgazione e promozione culturale nell\u2019ambito della tutela ambientale, dell\u2019eco-design e dell\u2019educazione creativa al tema del verde e della sostenibilit\u00e0. Un percorso di eco-design, quello [&hellip;]<\/p>\n","protected":false},"author":2,"featured_media":0,"comment_status":"open","ping_status":"open","sticky":false,"template":"","format":"standard","meta":{"footnotes":""},"categories":[249],"tags":[],"class_list":["post-4904","post","type-post","status-publish","format-standard","hentry","category-news-events"],"_links":{"self":[{"href":"https:\/\/www.riva.it\/en\/wp-json\/wp\/v2\/posts\/4904","targetHints":{"allow":["GET"]}}],"collection":[{"href":"https:\/\/www.riva.it\/en\/wp-json\/wp\/v2\/posts"}],"about":[{"href":"https:\/\/www.riva.it\/en\/wp-json\/wp\/v2\/types\/post"}],"author":[{"embeddable":true,"href":"https:\/\/www.riva.it\/en\/wp-json\/wp\/v2\/users\/2"}],"replies":[{"embeddable":true,"href":"https:\/\/www.riva.it\/en\/wp-json\/wp\/v2\/comments?post=4904"}],"version-history":[{"count":0,"href":"https:\/\/www.riva.it\/en\/wp-json\/wp\/v2\/posts\/4904\/revisions"}],"wp:attachment":[{"href":"https:\/\/www.riva.it\/en\/wp-json\/wp\/v2\/media?parent=4904"}],"wp:term":[{"taxonomy":"category","embeddable":true,"href":"https:\/\/www.riva.it\/en\/wp-json\/wp\/v2\/categories?post=4904"},{"taxonomy":"post_tag","embeddable":true,"href":"https:\/\/www.riva.it\/en\/wp-json\/wp\/v2\/tags?post=4904"}],"curies":[{"name":"WP","href":"https:\/\/api.w.org\/{rel}","templated":true}]}}