{"id":4952,"date":"2024-06-13T14:00:38","date_gmt":"2024-06-13T13:00:38","guid":{"rendered":"https:\/\/www.riva.it\/uncategorized\/il-successo-di-artisan-al-salone-del-mobile-2024\/"},"modified":"2024-06-13T14:00:38","modified_gmt":"2024-06-13T13:00:38","slug":"artisans-success-at-the-salone-del-mobile-2024","status":"publish","type":"post","link":"https:\/\/www.riva.it\/en\/news-events\/il-successo-di-artisan-al-salone-del-mobile-2024\/","title":{"rendered":"Artisan's success at the Salone del Mobile 2024"},"content":{"rendered":"<h2 style=\"text-align: center;\"><strong>Le nuova Collezione di Artisan al Salone del Mobile 2024<\/strong><\/h2>\n<p>&nbsp;<\/p>\n<p>Il <strong>Salone del Mobile 2024<\/strong>, uno degli <strong>eventi pi\u00f9 prestigiosi nel mondo del design e dell&#8217;arredamento<\/strong>, ha visto quest&#8217;anno il debutto di <strong>Artisan<\/strong>\u00a0e il successo \u00e8 stato travolgente. Per la prima volta, il rinomato brand di <strong>mobili in legno massello<\/strong> ha partecipato alla fiera, catturando immediatamente l&#8217;attenzione di visitatori e professionisti del settore.<\/p>\n<p>Con <strong>oltre 50 anni di esperienza,<\/strong> il brand affonda le sue radici nell&#8217;antica falegnameria \u0106ostovi\u0107 in Bosnia. Ogni pezzo creato da Artisan \u00e8 un tributo alla <strong>tradizione artigianale<\/strong>, ma al contempo rappresenta una continua ricerca di <strong>innovazione<\/strong> e <strong>Design<\/strong> contemporaneo. Il l<strong>egno naturale<\/strong>, protagonista indiscusso delle sue collezioni, viene<strong> lavorato con cura e passione<\/strong>, riflettendo il profondo <strong>rispetto<\/strong> per la materia prima e per l&#8217;<strong>ambiente<\/strong>.<\/p>\n<p>Fin dal primo giorno della fiera, lo <strong>stand<\/strong> di Artisan (Hall 18\/C20) \u00e8 diventato un punto di riferimento per gli appassionati di design e di <strong>arredamento in legno massello<\/strong>. La folla di visitatori ha testimoniato l&#8217;enorme interesse suscitato dalle loro creazioni. Uno degli elementi chiave del successo di Artisan \u00e8 la<strong> collaborazione<\/strong> con alcuni dei pi\u00f9 <strong>rinomati designer<\/strong> contemporanei. Questi talenti creativi portano una ventata di freschezza e <strong>innovazione<\/strong> alle collezioni di Artisan, reinterpretando i <strong>valori<\/strong> tradizionali del brand in chiave moderna. Grazie a queste <strong>sinergie<\/strong>, ogni mobile prodotto da Artisan non \u00e8 solo un pezzo di arredamento, ma una vera e propria <strong>opera d&#8217;arte<\/strong>.<\/p>\n<p>Al <strong>Salone del Mobile 2024<\/strong>, Artisan ha presentato una <strong>nuova collezione<\/strong> che ha lasciato un&#8217;impronta indelebile nei visitatori. Questa collezione comprende una serie di <strong>pezzi straordinari<\/strong>, tra cui la <strong>Nila Chair<\/strong>, la <strong>Neva Counter Chair<\/strong>, la <strong>Kinu Chair<\/strong>, la <strong>Velo Chair <\/strong>e\u00a0la <strong>Nilu Chair<\/strong>. La combinazione di <strong>Design<\/strong> all&#8217;avanguardia e lavorazione <strong>artigianale<\/strong> ha catturato immediatamente l&#8217;<strong>attenzione del pubblico<\/strong>, che ha apprezzato l&#8217;unicit\u00e0 e l&#8217;eleganza di ogni pezzo esposto.<\/p>\n<p>Le <strong>linee innovative<\/strong> and the <strong>lavorazione impeccabile<\/strong> della <strong>nuova collezione<\/strong> hanno attratto i visitatori, che sono rimasti affascinati da ogni <strong>dettaglio<\/strong>, frutto di un meticoloso processo creativo. Questa attenzione ai particolari ha contribuito a creare un&#8217;esperienza memorabile, rafforzando la reputazione di Artisan come<strong> leader nel settore dell&#8217;arredamento in legno massello<\/strong>. La nuova collezione non solo esprime l&#8217;eccellenza artigianale di Artisan, ma anche la sua <strong>capacit\u00e0 di innovare<\/strong>, mantenendo sempre al centro la <strong>bellezza del legno naturale<\/strong>.<\/p>\n<p>In conclusione, la <strong>prima partecipazione di Artisan<\/strong> al <strong>Salone del Mobile<\/strong> \u00e8 stata un <strong>successo<\/strong> straordinario, grazie alla capacit\u00e0 del brand di fondere <strong>tradizione artigianale e innovazione moderna<\/strong>. La risposta entusiastica del pubblico conferma che Artisan ha saputo <strong>colpire nel segno<\/strong>, offrendo mobili che non sono solo funzionali, ma vere e proprie opere d&#8217;arte, destinate a lasciare un&#8217;impronta duratura nel mondo del design e dell&#8217;<strong>arredamento in legno massello<\/strong>.<\/p>","protected":false},"excerpt":{"rendered":"<p>Le nuova Collezione di Artisan al Salone del Mobile 2024 &nbsp; Il Salone del Mobile 2024, uno degli eventi pi\u00f9 prestigiosi nel mondo del design e dell&#8217;arredamento, ha visto quest&#8217;anno il debutto di Artisan\u00a0e il successo \u00e8 stato travolgente. Per la prima volta, il rinomato brand di mobili in legno massello ha partecipato alla fiera, [&hellip;]<\/p>\n","protected":false},"author":3,"featured_media":4953,"comment_status":"open","ping_status":"open","sticky":false,"template":"","format":"standard","meta":{"footnotes":""},"categories":[249],"tags":[],"class_list":["post-4952","post","type-post","status-publish","format-standard","has-post-thumbnail","hentry","category-news-events"],"_links":{"self":[{"href":"https:\/\/www.riva.it\/en\/wp-json\/wp\/v2\/posts\/4952","targetHints":{"allow":["GET"]}}],"collection":[{"href":"https:\/\/www.riva.it\/en\/wp-json\/wp\/v2\/posts"}],"about":[{"href":"https:\/\/www.riva.it\/en\/wp-json\/wp\/v2\/types\/post"}],"author":[{"embeddable":true,"href":"https:\/\/www.riva.it\/en\/wp-json\/wp\/v2\/users\/3"}],"replies":[{"embeddable":true,"href":"https:\/\/www.riva.it\/en\/wp-json\/wp\/v2\/comments?post=4952"}],"version-history":[{"count":0,"href":"https:\/\/www.riva.it\/en\/wp-json\/wp\/v2\/posts\/4952\/revisions"}],"wp:featuredmedia":[{"embeddable":true,"href":"https:\/\/www.riva.it\/en\/wp-json\/wp\/v2\/media\/4953"}],"wp:attachment":[{"href":"https:\/\/www.riva.it\/en\/wp-json\/wp\/v2\/media?parent=4952"}],"wp:term":[{"taxonomy":"category","embeddable":true,"href":"https:\/\/www.riva.it\/en\/wp-json\/wp\/v2\/categories?post=4952"},{"taxonomy":"post_tag","embeddable":true,"href":"https:\/\/www.riva.it\/en\/wp-json\/wp\/v2\/tags?post=4952"}],"curies":[{"name":"WP","href":"https:\/\/api.w.org\/{rel}","templated":true}]}}