{"id":4984,"date":"2025-04-18T14:40:34","date_gmt":"2025-04-18T13:40:34","guid":{"rendered":"https:\/\/www.riva.it\/uncategorized\/dietro-le-quinte-della-bellezza-artisan-al-salone-del-mobile-2025\/"},"modified":"2026-05-21T12:11:14","modified_gmt":"2026-05-21T11:11:14","slug":"behind-the-scenes-of-artisan-beauty-at-salone-del-mobile-2025","status":"publish","type":"post","link":"https:\/\/www.riva.it\/en\/news-events\/dietro-le-quinte-della-bellezza-artisan-al-salone-del-mobile-2025\/","title":{"rendered":"Behind the Scenes of Beauty: Artisan at the Salone del Mobile 2025"},"content":{"rendered":"<div class=\"et_pb_section_0 et_pb_section et_section_regular et_block_section\"><div class=\"et_pb_row_0 et_pb_row et_block_row\"><div class=\"et_pb_column_0 et_pb_column et_pb_column_4_4 et-last-child et_block_column et_pb_css_mix_blend_mode_passthrough\"><div class=\"et_pb_text_0 et_pb_text et_pb_bg_layout_light et_pb_module et_block_module\"><div class=\"et_pb_text_inner\"><h2 style=\"text-align: center;\"><strong>Behind the Scenes of Beauty: Artisan at the Salone del Mobile 2025<\/strong><\/h2>\n<p><strong><\/strong><\/p>\n<p>Il\u00a0<strong>Salone del Mobile 2025<\/strong>\u00a0ha chiuso le sue porte, ma l\u2019eco dell\u2019esperienza vissuta da Artisan risuona ancora forte. Un evento che ha confermato, ancora una volta, come la maestria artigianale e l\u2019amore per il legno siano valori senza tempo, capaci di emozionare e ispirare.<\/p>\n<p><strong>L\u2019Artigianalit\u00e0 in Scena: Tra Tradizione e Innovazione<\/strong><\/p>\n<p>Lo stand di Artisan, nel\u00a0<strong>Padiglione 18 (Stand C03)<\/strong>, \u00e8 stato un vero e proprio\u00a0<em>sancta sanctorum<\/em>\u00a0per gli appassionati di design e artigianato. I visitatori hanno potuto ammirare da vicino le nostre creazioni in legno massello, toccando con mano la perfezione delle venature, la morbidezza delle finiture e l\u2019armonia di ogni dettaglio. Le\u00a0<strong>mani esperte dei nostri maestri artigiani<\/strong>\u00a0hanno raccontato storie di dedizione, dimostrando come ogni mobile sia un\u2019opera d\u2019arte nata da un dialogo tra materia e creativit\u00e0.<\/p>\n<p><strong>Il Legno, Protagonista Assoluto<\/strong><\/p>\n<p>Il legno, scelto per la sua\u00a0<strong>eleganza naturale e resistenza<\/strong>, \u00e8 stato il cuore pulsante della nostra collezione. Durante la settimana del design, abbiamo avuto l\u2019onore di condividere con il pubblico le tecniche che ci permettono di esaltarne la grana e le sfumature, trasformando ogni pezzo in un oggetto unico. Dai tavoli alle sedute, dalle librerie ai complementi d\u2019arredo, ogni elemento ha testimoniato la nostra filosofia:\u00a0<strong>la bellezza sta nei dettagli<\/strong>.<\/p>\n<p><strong>Successo al Showroom di Milano<\/strong><\/p>\n<p>Anche il nostro\u00a0<strong>showroom milanese in Via L. Porro Lambertenghi 18<\/strong>\u00a0\u00e8 stato protagonista della Design Week, accogliendo visitatori da tutto il mondo in un\u2019atmosfera intima ed esclusiva. Qui, l\u2019intera collezione ha trovato la sua casa ideale, permettendo agli ospiti di immergersi nell\u2019universo Artisan, tra design raffinato e innovazione artigianale.<\/p>\n<p><strong>Grazie a Tutti voi!<\/strong><\/p>\n<p>Un ringraziamento speciale va a tutti coloro che ci hanno fatto visita, condividendo con noi la passione per il legno e l\u2019artigianalit\u00e0 di qualit\u00e0. Il vostro entusiasmo \u00e8 la migliore conferma del nostro lavoro.<\/p>\n<p><strong>La bellezza del legno non ha scadenza<\/strong>: continuate a seguirci per scoprire le novit\u00e0 che stiamo preparando e, se vi siete persi il Salone del Mobile 2025,\u00a0<strong>il nostro showroom \u00e8 sempre aperto per regalarvi un\u2019esperienza indimenticabile<\/strong>.<\/p>\n<\/div><\/div><\/div><\/div><\/div>","protected":false},"excerpt":{"rendered":"","protected":false},"author":3,"featured_media":4985,"comment_status":"open","ping_status":"open","sticky":false,"template":"","format":"standard","meta":{"footnotes":""},"categories":[249],"tags":[],"class_list":["post-4984","post","type-post","status-publish","format-standard","has-post-thumbnail","hentry","category-news-events"],"_links":{"self":[{"href":"https:\/\/www.riva.it\/en\/wp-json\/wp\/v2\/posts\/4984","targetHints":{"allow":["GET"]}}],"collection":[{"href":"https:\/\/www.riva.it\/en\/wp-json\/wp\/v2\/posts"}],"about":[{"href":"https:\/\/www.riva.it\/en\/wp-json\/wp\/v2\/types\/post"}],"author":[{"embeddable":true,"href":"https:\/\/www.riva.it\/en\/wp-json\/wp\/v2\/users\/3"}],"replies":[{"embeddable":true,"href":"https:\/\/www.riva.it\/en\/wp-json\/wp\/v2\/comments?post=4984"}],"version-history":[{"count":1,"href":"https:\/\/www.riva.it\/en\/wp-json\/wp\/v2\/posts\/4984\/revisions"}],"predecessor-version":[{"id":24110,"href":"https:\/\/www.riva.it\/en\/wp-json\/wp\/v2\/posts\/4984\/revisions\/24110"}],"wp:featuredmedia":[{"embeddable":true,"href":"https:\/\/www.riva.it\/en\/wp-json\/wp\/v2\/media\/4985"}],"wp:attachment":[{"href":"https:\/\/www.riva.it\/en\/wp-json\/wp\/v2\/media?parent=4984"}],"wp:term":[{"taxonomy":"category","embeddable":true,"href":"https:\/\/www.riva.it\/en\/wp-json\/wp\/v2\/categories?post=4984"},{"taxonomy":"post_tag","embeddable":true,"href":"https:\/\/www.riva.it\/en\/wp-json\/wp\/v2\/tags?post=4984"}],"curies":[{"name":"WP","href":"https:\/\/api.w.org\/{rel}","templated":true}]}}